{"id":21440,"date":"2026-03-23T13:09:00","date_gmt":"2026-03-23T13:09:00","guid":{"rendered":"https:\/\/maua.g12.br\/site\/?p=21440"},"modified":"2026-03-24T13:10:52","modified_gmt":"2026-03-24T13:10:52","slug":"alunos-do-colegio-maua-conquistam-oito-medalhas-na-primeira-participacao-na-olitef","status":"publish","type":"post","link":"https:\/\/maua.g12.br\/site\/index.php\/alunos-do-colegio-maua-conquistam-oito-medalhas-na-primeira-participacao-na-olitef\/","title":{"rendered":"Alunos do Col\u00e9gio Mau\u00e1 conquistam oito medalhas na primeira participa\u00e7\u00e3o na OLITEF"},"content":{"rendered":"\n<p>Na primeira participa\u00e7\u00e3o do Col\u00e9gio Mau\u00e1 na Olimp\u00edada do Tesouro Direto de Educa\u00e7\u00e3o Financeira (OLITEF), alunos do 8\u00ba ano do Ensino Fundamental ao 3\u00ba ano do Ensino M\u00e9dio tiveram a oportunidade de testar seus conhecimentos sobre educa\u00e7\u00e3o financeira e investimentos ao longo do ano de 2025. Confirmando a tradi\u00e7\u00e3o do col\u00e9gio em competi\u00e7\u00f5es acad\u00eamicas de n\u00edvel nacional, os estudantes do Mau\u00e1 conquistaram oito medalhas na \u00faltima edi\u00e7\u00e3o do evento, sendo uma de ouro, cinco de prata e duas de bronze.<\/p>\n\n\n\n<p>Na \u00faltima semana, os alunos receberam as medalhas e certificados de participa\u00e7\u00e3o da edi\u00e7\u00e3o de 2025, em um momento especial realizado no col\u00e9gio, com a entrega conduzida pelo professor de Matem\u00e1tica e Educa\u00e7\u00e3o Financeira, Cristiano Bortolaz de Oliveira, e pelo diretor Nestor Raschen. \u201cParabenizo a todos os envolvidos pelo comprometimento e dedica\u00e7\u00e3o na etapa da OLITEF 2025 e espero que possamos repetir desempenho na edi\u00e7\u00e3o de 2026\u201d, destacou o professor Cristiano.<\/p>\n\n\n\n<p>\u201cO resultado refor\u00e7a o compromisso do Col\u00e9gio Mau\u00e1 com a forma\u00e7\u00e3o acad\u00eamica de excel\u00eancia e com o incentivo \u00e0 participa\u00e7\u00e3o de seus alunos em olimp\u00edadas e desafios educacionais de \u00e2mbito nacional. Estamos muito felizes e orgulhosos com os resultados conquistados\u201d, salientou o diretor Geral do Col\u00e9gio Mau\u00e1, Nestor Raschen.<\/p>\n\n\n\n<p><strong>Saiba mais &#8211;<\/strong>&nbsp;A olimp\u00edada \u00e9 uma iniciativa da Secretaria do Tesouro Nacional e da B3 \u2013 Bolsa de Valores do Brasil, com apoio do Minist\u00e9rio da Educa\u00e7\u00e3o, e tem como objetivo incentivar o aprendizado sobre finan\u00e7as, planejamento e investimentos entre estudantes de todo o pa\u00eds.<\/p>\n\n\n\n<p><strong>Medalhistas do Col\u00e9gio Mau\u00e1 na OLITEF 2025:<\/strong><\/p>\n\n\n\n<p>\u00b7&nbsp;&nbsp;&nbsp;&nbsp;&nbsp;&nbsp;&nbsp;&nbsp;&nbsp;Davi Schenkel Knak \u2013 medalha de ouro<\/p>\n\n\n\n<p>\u00b7&nbsp;&nbsp;&nbsp;&nbsp;&nbsp;&nbsp;&nbsp;&nbsp;&nbsp;Ana Clara Fengler \u2013 medalha de prata<\/p>\n\n\n\n<p>\u00b7&nbsp;&nbsp;&nbsp;&nbsp;&nbsp;&nbsp;&nbsp;&nbsp;&nbsp;Arthur Schenkel Knak \u2013 medalha de prata<\/p>\n\n\n\n<p>\u00b7&nbsp;&nbsp;&nbsp;&nbsp;&nbsp;&nbsp;&nbsp;&nbsp;&nbsp;Bernardo Frantz Levermann \u2013 medalha de prata<\/p>\n\n\n\n<p>\u00b7&nbsp;&nbsp;&nbsp;&nbsp;&nbsp;&nbsp;&nbsp;&nbsp;&nbsp;Lorenzo Sehnem Marquardt \u2013 medalha de prata<\/p>\n\n\n\n<p>\u00b7&nbsp;&nbsp;&nbsp;&nbsp;&nbsp;&nbsp;&nbsp;&nbsp;&nbsp;Lucas Rech Schneiders \u2013 medalha de prata<\/p>\n\n\n\n<p>\u00b7&nbsp;&nbsp;&nbsp;&nbsp;&nbsp;&nbsp;&nbsp;&nbsp;&nbsp;Bernardo Seibel Hoff \u2013 medalha de bronze<\/p>\n\n\n\n<p>\u00b7&nbsp;&nbsp;&nbsp;&nbsp;&nbsp;&nbsp;&nbsp;&nbsp;&nbsp;Guilherme Lopes de Andrade Silva \u2013 medalha de bronze<\/p>\n","protected":false},"excerpt":{"rendered":"<p>Na primeira participa\u00e7\u00e3o do Col\u00e9gio Mau\u00e1 na Olimp\u00edada do Tesouro Direto de Educa\u00e7\u00e3o Financeira (OLITEF), alunos do 8\u00ba ano do Ensino Fundamental ao 3\u00ba ano do Ensino M\u00e9dio tiveram a oportunidade de testar seus conhecimentos sobre educa\u00e7\u00e3o financeira e investimentos ao longo do ano de 2025. Confirmando a tradi\u00e7\u00e3o do col\u00e9gio em competi\u00e7\u00f5es acad\u00eamicas de &#8230; <a title=\"Alunos do Col\u00e9gio Mau\u00e1 conquistam oito medalhas na primeira participa\u00e7\u00e3o na OLITEF\" class=\"read-more\" href=\"https:\/\/maua.g12.br\/site\/index.php\/alunos-do-colegio-maua-conquistam-oito-medalhas-na-primeira-participacao-na-olitef\/\" aria-label=\"More on Alunos do Col\u00e9gio Mau\u00e1 conquistam oito medalhas na primeira participa\u00e7\u00e3o na OLITEF\">Ler mais<\/a><\/p>\n","protected":false},"author":2,"featured_media":21441,"comment_status":"closed","ping_status":"closed","sticky":false,"template":"","format":"standard","meta":{"footnotes":""},"categories":[1],"tags":[],"class_list":["post-21440","post","type-post","status-publish","format-standard","has-post-thumbnail","hentry","category-unidadeii"],"_links":{"self":[{"href":"https:\/\/maua.g12.br\/site\/index.php\/wp-json\/wp\/v2\/posts\/21440","targetHints":{"allow":["GET"]}}],"collection":[{"href":"https:\/\/maua.g12.br\/site\/index.php\/wp-json\/wp\/v2\/posts"}],"about":[{"href":"https:\/\/maua.g12.br\/site\/index.php\/wp-json\/wp\/v2\/types\/post"}],"author":[{"embeddable":true,"href":"https:\/\/maua.g12.br\/site\/index.php\/wp-json\/wp\/v2\/users\/2"}],"replies":[{"embeddable":true,"href":"https:\/\/maua.g12.br\/site\/index.php\/wp-json\/wp\/v2\/comments?post=21440"}],"version-history":[{"count":1,"href":"https:\/\/maua.g12.br\/site\/index.php\/wp-json\/wp\/v2\/posts\/21440\/revisions"}],"predecessor-version":[{"id":21442,"href":"https:\/\/maua.g12.br\/site\/index.php\/wp-json\/wp\/v2\/posts\/21440\/revisions\/21442"}],"wp:featuredmedia":[{"embeddable":true,"href":"https:\/\/maua.g12.br\/site\/index.php\/wp-json\/wp\/v2\/media\/21441"}],"wp:attachment":[{"href":"https:\/\/maua.g12.br\/site\/index.php\/wp-json\/wp\/v2\/media?parent=21440"}],"wp:term":[{"taxonomy":"category","embeddable":true,"href":"https:\/\/maua.g12.br\/site\/index.php\/wp-json\/wp\/v2\/categories?post=21440"},{"taxonomy":"post_tag","embeddable":true,"href":"https:\/\/maua.g12.br\/site\/index.php\/wp-json\/wp\/v2\/tags?post=21440"}],"curies":[{"name":"wp","href":"https:\/\/api.w.org\/{rel}","templated":true}]}}