{"id":21535,"date":"2026-04-22T17:34:31","date_gmt":"2026-04-22T17:34:31","guid":{"rendered":"https:\/\/maua.g12.br\/site\/?p=21535"},"modified":"2026-04-24T17:36:00","modified_gmt":"2026-04-24T17:36:00","slug":"colegio-maua-lanca-novo-centro-esportivo-e-reforca-tradicao-na-ginastica","status":"publish","type":"post","link":"https:\/\/maua.g12.br\/site\/index.php\/colegio-maua-lanca-novo-centro-esportivo-e-reforca-tradicao-na-ginastica\/","title":{"rendered":"Col\u00e9gio Mau\u00e1 lan\u00e7a novo Centro Esportivo e refor\u00e7a tradi\u00e7\u00e3o na gin\u00e1stica"},"content":{"rendered":"\n<p>Uma das escolas privadas mais tradicionais do interior do Rio Grande do Sul, fundada em 1870, o Col\u00e9gio Mau\u00e1 come\u00e7a a escrever mais um importante cap\u00edtulo da sua hist\u00f3ria. Uma cerim\u00f4nia, na tarde desta quarta-feira, 22, marcou o lan\u00e7amento da pedra fundamental do novo Centro Esportivo do Mau\u00e1. Com \u00e1rea total de 2.022,69 metros quadrados, o espa\u00e7o foi projetado para atender padr\u00f5es de competi\u00e7\u00f5es nacionais e ampliar as oportunidades de forma\u00e7\u00e3o esportiva dos estudantes e o fortalecimento do esporte na institui\u00e7\u00e3o.<\/p>\n\n\n\n<p>Voltado especialmente \u00e0s modalidades de gin\u00e1stica R\u00edtmica e de Trampolim, o Centro Esportivo contar\u00e1 com gin\u00e1sio espec\u00edfico para a pr\u00e1tica, salas de dan\u00e7a, sala de professores, recep\u00e7\u00e3o com sagu\u00e3o e sanit\u00e1rios para o p\u00fablico, vesti\u00e1rios masculino e feminino, al\u00e9m de dep\u00f3sitos para materiais esportivos. A iniciativa refor\u00e7a o compromisso da escola com a forma\u00e7\u00e3o integral dos alunos, integrando educa\u00e7\u00e3o, cultura e esporte como pilares do seu projeto pedag\u00f3gico. Com a nova estrutura, a expectativa \u00e9 ampliar as oportunidades de pr\u00e1tica esportiva, qualificar os treinamentos e incentivar ainda mais o desenvolvimento de talentos.<\/p>\n\n\n\n<p>Durante a solenidade, o diretor geral do Col\u00e9gio Mau\u00e1, Nestor Raschen, destacou o significado do investimento para a trajet\u00f3ria da institui\u00e7\u00e3o. \u201cO Col\u00e9gio Mau\u00e1 inicia hoje a constru\u00e7\u00e3o de mais um importante cap\u00edtulo da sua hist\u00f3ria, alicer\u00e7ado no trabalho de d\u00e9cadas que evidenciam a pr\u00e1tica de gin\u00e1stica na institui\u00e7\u00e3o, inclusive com uma atleta ol\u00edmpica. \u00c9 o reconhecimento a uma modalidade que projeta a escola no estado e no pa\u00eds e que atualmente re\u00fane cerca de 500 ginastas, em diferentes categorias, da Educa\u00e7\u00e3o Infantil ao Ensino M\u00e9dio\u201d, afirmou.<\/p>\n\n\n\n<p>Entre os diferenciais do projeto est\u00e3o a altura interna superior a 12 metros \u2014 adequada para competi\u00e7\u00f5es de n\u00edvel nacional \u2014, fosso para salto de gin\u00e1stica, equipamentos de padr\u00e3o internacional e divis\u00f3ria ac\u00fastica interna que permitir\u00e1 a realiza\u00e7\u00e3o simult\u00e2nea de atividades de gin\u00e1stica r\u00edtmica e art\u00edstica. O espa\u00e7o tamb\u00e9m ser\u00e1 totalmente climatizado, contar\u00e1 com placas fotovoltaicas e ter\u00e1 integra\u00e7\u00e3o com os outros dois gin\u00e1sios j\u00e1 existentes no col\u00e9gio.<\/p>\n\n\n\n<p>Assinado pelo escrit\u00f3rio Estilo Arquitetura, com os arquitetos Eduardo Barbian, Sandra Sulzbacher e Romeu Pick, o projeto arquitet\u00f4nico valoriza a experi\u00eancia dos usu\u00e1rios. \u201cNa recep\u00e7\u00e3o, temos em amplo hall com p\u00e9-direito duplo, escada aparente com acesso ao mezanino e \u00e0s salas de dan\u00e7a, al\u00e9m de fachada frontal em pele de vidro, que proporciona luminosidade e integra\u00e7\u00e3o visual entre os ambientes interno e externo\u201d, destacou Romeu.<\/p>\n\n\n\n<p>A obra do Centro Esportivo, sob a responsabilidade da Vibra Constru\u00e7\u00f5es, tem previs\u00e3o de entrega para fevereiro de 2027. \u201cPara tornar mais este sonho poss\u00edvel, pedimos a colabora\u00e7\u00e3o da nossa comunidade escolar, que sempre \u00e9 fundamental para os projetos de expans\u00e3o do Mau\u00e1. \u00c9 mais uma obra que fica como patrim\u00f4nio da educa\u00e7\u00e3o no munic\u00edpio\u201d, frisou o diretor. Empresas, entidades e ex-alunos interessados em contribuir com a iniciativa podem entrar em contato com a escola pelo telefone (51) 3711-2144 ou pelo e-mail&nbsp;<a href=\"mailto:secretaria@maua.g12.br\">secretaria@maua.g12.br<\/a>.<\/p>\n","protected":false},"excerpt":{"rendered":"<p>Uma das escolas privadas mais tradicionais do interior do Rio Grande do Sul, fundada em 1870, o Col\u00e9gio Mau\u00e1 come\u00e7a a escrever mais um importante cap\u00edtulo da sua hist\u00f3ria. Uma cerim\u00f4nia, na tarde desta quarta-feira, 22, marcou o lan\u00e7amento da pedra fundamental do novo Centro Esportivo do Mau\u00e1. Com \u00e1rea total de 2.022,69 metros quadrados, &#8230; <a title=\"Col\u00e9gio Mau\u00e1 lan\u00e7a novo Centro Esportivo e refor\u00e7a tradi\u00e7\u00e3o na gin\u00e1stica\" class=\"read-more\" href=\"https:\/\/maua.g12.br\/site\/index.php\/colegio-maua-lanca-novo-centro-esportivo-e-reforca-tradicao-na-ginastica\/\" aria-label=\"More on Col\u00e9gio Mau\u00e1 lan\u00e7a novo Centro Esportivo e refor\u00e7a tradi\u00e7\u00e3o na gin\u00e1stica\">Ler mais<\/a><\/p>\n","protected":false},"author":2,"featured_media":21536,"comment_status":"closed","ping_status":"closed","sticky":false,"template":"","format":"standard","meta":{"footnotes":""},"categories":[1],"tags":[],"class_list":["post-21535","post","type-post","status-publish","format-standard","has-post-thumbnail","hentry","category-unidadeii"],"_links":{"self":[{"href":"https:\/\/maua.g12.br\/site\/index.php\/wp-json\/wp\/v2\/posts\/21535","targetHints":{"allow":["GET"]}}],"collection":[{"href":"https:\/\/maua.g12.br\/site\/index.php\/wp-json\/wp\/v2\/posts"}],"about":[{"href":"https:\/\/maua.g12.br\/site\/index.php\/wp-json\/wp\/v2\/types\/post"}],"author":[{"embeddable":true,"href":"https:\/\/maua.g12.br\/site\/index.php\/wp-json\/wp\/v2\/users\/2"}],"replies":[{"embeddable":true,"href":"https:\/\/maua.g12.br\/site\/index.php\/wp-json\/wp\/v2\/comments?post=21535"}],"version-history":[{"count":1,"href":"https:\/\/maua.g12.br\/site\/index.php\/wp-json\/wp\/v2\/posts\/21535\/revisions"}],"predecessor-version":[{"id":21537,"href":"https:\/\/maua.g12.br\/site\/index.php\/wp-json\/wp\/v2\/posts\/21535\/revisions\/21537"}],"wp:featuredmedia":[{"embeddable":true,"href":"https:\/\/maua.g12.br\/site\/index.php\/wp-json\/wp\/v2\/media\/21536"}],"wp:attachment":[{"href":"https:\/\/maua.g12.br\/site\/index.php\/wp-json\/wp\/v2\/media?parent=21535"}],"wp:term":[{"taxonomy":"category","embeddable":true,"href":"https:\/\/maua.g12.br\/site\/index.php\/wp-json\/wp\/v2\/categories?post=21535"},{"taxonomy":"post_tag","embeddable":true,"href":"https:\/\/maua.g12.br\/site\/index.php\/wp-json\/wp\/v2\/tags?post=21535"}],"curies":[{"name":"wp","href":"https:\/\/api.w.org\/{rel}","templated":true}]}}