{"id":21569,"date":"2026-04-30T14:28:02","date_gmt":"2026-04-30T14:28:02","guid":{"rendered":"https:\/\/maua.g12.br\/site\/?p=21569"},"modified":"2026-04-30T14:28:04","modified_gmt":"2026-04-30T14:28:04","slug":"colegio-maua-inicia-mobilizacao-para-dia-do-ex-aluno","status":"publish","type":"post","link":"https:\/\/maua.g12.br\/site\/index.php\/colegio-maua-inicia-mobilizacao-para-dia-do-ex-aluno\/","title":{"rendered":"Col\u00e9gio Mau\u00e1 inicia mobiliza\u00e7\u00e3o para Dia do Ex-Aluno"},"content":{"rendered":"\n<p>As lembran\u00e7as do empres\u00e1rio Fl\u00e1vio Bender sobre a inf\u00e2ncia no Col\u00e9gio Mau\u00e1 seguem vivas na sua mem\u00f3ria. Aos tr\u00eas anos, filho de professor da escola, ele j\u00e1 frequentava o Jardim de Inf\u00e2ncia, permanecendo at\u00e9 a conclus\u00e3o do Cient\u00edfico (atual Ensino M\u00e9dio), em 1976, no pr\u00e9dio localizado na Rua Borges de Medeiros, no centro da cidade. Das brincadeiras da \u00e9poca, lembra a divers\u00e3o que o balan\u00e7o e o escorregador da pracinha proporcionavam e as pecinhas de madeira da Xalingo, que chamavam de \u201c<em>kletzia\u201d<\/em>. Em 12 de julho, Fl\u00e1vio e os colegas da turma de 1976 v\u00e3o celebrar os 50 anos de formatura no Dia do Ex-Aluno do Mau\u00e1.<\/p>\n\n\n\n<p>Este ano, o evento, que j\u00e1 faz parte do calend\u00e1rio anual da escola, vai homenagear as turmas de formandos dos anos de 1966, 1971, 1976 (Jubileu de Ouro), 1981, 1986, 1991, 1996, 2001 (Jubileu de Prata), 2006, 2011,2016 e 2021. Como em 2021, em decorr\u00eancia da pandemia, n\u00e3o houve a comemora\u00e7\u00e3o, &nbsp;os formandos de 1971 e 1996 tamb\u00e9m ser\u00e3o jubilados este ano. O primeiro encontro da comiss\u00e3o organizadora aconteceu na \u00faltima segunda-feira, 27, nas depend\u00eancias da escola. Na fam\u00edlia de Fl\u00e1vio Bender, que participou da reuni\u00e3o, a comemora\u00e7\u00e3o ser\u00e1 em dose tripla, com a comemora\u00e7\u00e3o dos 25 anos de formatura do filho Eduardo e de 20 anos do Felipe. \u201cO Mau\u00e1 faz parte da hist\u00f3ria da nossa fam\u00edlia, desde os meus pais. Uma escola que atravessa gera\u00e7\u00f5es, que recebeu meus tr\u00eas filhos \u2013 Eduardo, Felipe e Rafael &#8211; e que hoje j\u00e1 acolhe a neta Eduarda. Isso tudo \u00e9 motivo de grande alegria, gratid\u00e3o e merece uma celebra\u00e7\u00e3o especial\u201d, destaca Bender.<\/p>\n\n\n\n<p>Quem tamb\u00e9m est\u00e1 na lista de formandos homenageados de 2026 e participou da reuni\u00e3o de planejamento \u00e9 a presidente da mantenedora do Col\u00e9gio Mau\u00e1, Aline Jackisch Biesdorf. Ao lado dos colegas de 1996, vai celebrar 30 anos de formatura. \u201cEstamos ansiosos por rever ex-colegas e professores que marcaram nossa trajet\u00f3ria escolar. H\u00e1 5 anos, fizemos um encontro informal, logo ap\u00f3s a reabertura da pandemia, e foi muito bom relembrar hist\u00f3rias, conversar com os antigos professores, lembrando de momentos engra\u00e7ados e experi\u00eancias inesquec\u00edveis daqueles tempos. Ficou a vontade de se reencontrar novamente e agora \u00e9 uma bela oportunidade, em que tamb\u00e9m as fam\u00edlias poder\u00e3o conhecer e relembrar espa\u00e7os t\u00e3o intensamente vivenciados por n\u00f3s\u201d, comemora.<\/p>\n\n\n\n<p><strong>Ingressos &#8211;<\/strong>&nbsp;A programa\u00e7\u00e3o do Dia do Ex-Aluno inicia \u00e0s 9h30, com recep\u00e7\u00e3o dos participantes no Teatro Mau\u00e1, seguida de homenagem. A partir das 11 horas, come\u00e7a a visita \u00e0s unidades 1 e 2. O almo\u00e7o, por ades\u00e3o, vai ocorrer no Sal\u00e3o do T\u00eanis Clube Santa Cruz, ao valor de R$ 60 por pessoa. \u201cVamos iniciar as vendas dia 3 de junho, com a expectativa de repetir o sucesso dos anos anteriores. \u00c9 o momento de relembrar, confraternizar e matar a saudade de colegas e professores\u201d, enfatiza o diretor geral, Nestor Raschen.<\/p>\n\n\n\n<figure class=\"wp-block-gallery has-nested-images columns-default is-cropped wp-block-gallery-1 is-layout-flex wp-block-gallery-is-layout-flex\">\n<figure class=\"wp-block-image size-large\"><img decoding=\"async\" width=\"1024\" height=\"768\" data-id=\"21572\" src=\"https:\/\/maua.g12.br\/site\/wp-content\/uploads\/2026\/04\/Flavio-Bender_Divulgacao-1024x768.jpeg\" alt=\"\" class=\"wp-image-21572\" srcset=\"https:\/\/maua.g12.br\/site\/wp-content\/uploads\/2026\/04\/Flavio-Bender_Divulgacao-1024x768.jpeg 1024w, https:\/\/maua.g12.br\/site\/wp-content\/uploads\/2026\/04\/Flavio-Bender_Divulgacao-300x225.jpeg 300w, https:\/\/maua.g12.br\/site\/wp-content\/uploads\/2026\/04\/Flavio-Bender_Divulgacao-768x576.jpeg 768w, https:\/\/maua.g12.br\/site\/wp-content\/uploads\/2026\/04\/Flavio-Bender_Divulgacao-rotated.jpeg 1280w\" sizes=\"(max-width: 1024px) 100vw, 1024px\" \/><\/figure>\n\n\n\n<figure class=\"wp-block-image size-large\"><img decoding=\"async\" width=\"1024\" height=\"684\" data-id=\"21573\" src=\"https:\/\/maua.g12.br\/site\/wp-content\/uploads\/2026\/04\/Flavio-Bender_Dia-Ex-Aluno_Divulgacao-1024x684.jpg\" alt=\"\" class=\"wp-image-21573\" srcset=\"https:\/\/maua.g12.br\/site\/wp-content\/uploads\/2026\/04\/Flavio-Bender_Dia-Ex-Aluno_Divulgacao-1024x684.jpg 1024w, https:\/\/maua.g12.br\/site\/wp-content\/uploads\/2026\/04\/Flavio-Bender_Dia-Ex-Aluno_Divulgacao-300x200.jpg 300w, https:\/\/maua.g12.br\/site\/wp-content\/uploads\/2026\/04\/Flavio-Bender_Dia-Ex-Aluno_Divulgacao-768x513.jpg 768w, https:\/\/maua.g12.br\/site\/wp-content\/uploads\/2026\/04\/Flavio-Bender_Dia-Ex-Aluno_Divulgacao-1536x1025.jpg 1536w, https:\/\/maua.g12.br\/site\/wp-content\/uploads\/2026\/04\/Flavio-Bender_Dia-Ex-Aluno_Divulgacao.jpg 1946w\" sizes=\"(max-width: 1024px) 100vw, 1024px\" \/><figcaption class=\"wp-element-caption\">Fl\u00e1vio Bender completa 50 anos de formatura<\/figcaption><\/figure>\n<\/figure>\n\n\n\n<p><\/p>\n","protected":false},"excerpt":{"rendered":"<p>As lembran\u00e7as do empres\u00e1rio Fl\u00e1vio Bender sobre a inf\u00e2ncia no Col\u00e9gio Mau\u00e1 seguem vivas na sua mem\u00f3ria. Aos tr\u00eas anos, filho de professor da escola, ele j\u00e1 frequentava o Jardim de Inf\u00e2ncia, permanecendo at\u00e9 a conclus\u00e3o do Cient\u00edfico (atual Ensino M\u00e9dio), em 1976, no pr\u00e9dio localizado na Rua Borges de Medeiros, no centro da cidade. &#8230; <a title=\"Col\u00e9gio Mau\u00e1 inicia mobiliza\u00e7\u00e3o para Dia do Ex-Aluno\" class=\"read-more\" href=\"https:\/\/maua.g12.br\/site\/index.php\/colegio-maua-inicia-mobilizacao-para-dia-do-ex-aluno\/\" aria-label=\"More on Col\u00e9gio Mau\u00e1 inicia mobiliza\u00e7\u00e3o para Dia do Ex-Aluno\">Ler mais<\/a><\/p>\n","protected":false},"author":2,"featured_media":21574,"comment_status":"closed","ping_status":"closed","sticky":false,"template":"","format":"standard","meta":{"footnotes":""},"categories":[1],"tags":[],"class_list":["post-21569","post","type-post","status-publish","format-standard","has-post-thumbnail","hentry","category-unidadeii"],"_links":{"self":[{"href":"https:\/\/maua.g12.br\/site\/index.php\/wp-json\/wp\/v2\/posts\/21569","targetHints":{"allow":["GET"]}}],"collection":[{"href":"https:\/\/maua.g12.br\/site\/index.php\/wp-json\/wp\/v2\/posts"}],"about":[{"href":"https:\/\/maua.g12.br\/site\/index.php\/wp-json\/wp\/v2\/types\/post"}],"author":[{"embeddable":true,"href":"https:\/\/maua.g12.br\/site\/index.php\/wp-json\/wp\/v2\/users\/2"}],"replies":[{"embeddable":true,"href":"https:\/\/maua.g12.br\/site\/index.php\/wp-json\/wp\/v2\/comments?post=21569"}],"version-history":[{"count":2,"href":"https:\/\/maua.g12.br\/site\/index.php\/wp-json\/wp\/v2\/posts\/21569\/revisions"}],"predecessor-version":[{"id":21576,"href":"https:\/\/maua.g12.br\/site\/index.php\/wp-json\/wp\/v2\/posts\/21569\/revisions\/21576"}],"wp:featuredmedia":[{"embeddable":true,"href":"https:\/\/maua.g12.br\/site\/index.php\/wp-json\/wp\/v2\/media\/21574"}],"wp:attachment":[{"href":"https:\/\/maua.g12.br\/site\/index.php\/wp-json\/wp\/v2\/media?parent=21569"}],"wp:term":[{"taxonomy":"category","embeddable":true,"href":"https:\/\/maua.g12.br\/site\/index.php\/wp-json\/wp\/v2\/categories?post=21569"},{"taxonomy":"post_tag","embeddable":true,"href":"https:\/\/maua.g12.br\/site\/index.php\/wp-json\/wp\/v2\/tags?post=21569"}],"curies":[{"name":"wp","href":"https:\/\/api.w.org\/{rel}","templated":true}]}}