{"id":2708,"date":"2024-11-19T12:53:00","date_gmt":"2024-11-19T12:53:00","guid":{"rendered":"https:\/\/maua.g12.br\/site\/?p=2708"},"modified":"2024-11-22T12:42:59","modified_gmt":"2024-11-22T12:42:59","slug":"renata-moreira-e-destaque-no-campeonato-brasileiro-de-verao","status":"publish","type":"post","link":"https:\/\/maua.g12.br\/site\/index.php\/renata-moreira-e-destaque-no-campeonato-brasileiro-de-verao\/","title":{"rendered":"Renata Moreira \u00e9 destaque no Campeonato Brasileiro de Ver\u00e3o"},"content":{"rendered":"\n<p><strong>Vit\u00f3ria (ES) &#8211;<\/strong>&nbsp;Renata Moreira preencheu em Vit\u00f3ria, no Esp\u00edrito Santo, mais um cap\u00edtulo de sua trajet\u00f3ria brilhante na nata\u00e7\u00e3o. Entre os dias 12 e 16 de novembro, a jovem atleta do Col\u00e9gio Mau\u00e1 mostrou, mais uma vez, por que \u00e9 considerada uma das maiores promessas do esporte no pa\u00eds. No&nbsp;<strong>Campeonato Brasileiro de Ver\u00e3o de Nata\u00e7\u00e3o<\/strong>, Renata conquistou cinco medalhas, sendo quatro delas de ouro. A competi\u00e7\u00e3o foi realizada no parque aqu\u00e1tico do Clube \u00c1lvares Cabral, e reuniu os melhores nadadores do Brasil nas categorias de 13 e 14 anos, contando com a participa\u00e7\u00e3o de 677 atletas de 121 clubes de 23 estados.<\/p>\n\n\n\n<p>A jovem atleta santa-cruzense, que representou o clube Recreio da Juventude, de Caxias do Sul, sagrou-se&nbsp;<strong>tricampe\u00e3 brasileira nos 100 e 200 metros costas<\/strong><strong>,&nbsp;<\/strong><strong>tetracampe\u00e3 nos 100 metros borboleta<\/strong>&nbsp;e ainda conquistou o ouro nos&nbsp;<strong>50 metros livre<\/strong>. Como se n\u00e3o bastasse, levou a prata nos&nbsp;<strong>100 metros livre<\/strong>, confirmando sua versatilidade em diferentes estilos e dist\u00e2ncias da nata\u00e7\u00e3o.<\/p>\n\n\n\n<p>Para o diretor do Col\u00e9gio Mau\u00e1, Nestor Raschen, as conquistas s\u00e3o reflexo do talento aliado ao esfor\u00e7o da atleta.&nbsp;<em>&#8220;Renata est\u00e1 fazendo hist\u00f3ria na nata\u00e7\u00e3o ga\u00facha e brasileira, gra\u00e7as ao seu empenho e dedica\u00e7\u00e3o, com apoio da fam\u00edlia&#8221;<\/em><em>,&nbsp;<\/em>destacou.<\/p>\n\n\n\n<p><\/p>\n","protected":false},"excerpt":{"rendered":"<p>Vit\u00f3ria (ES) &#8211;&nbsp;Renata Moreira preencheu em Vit\u00f3ria, no Esp\u00edrito Santo, mais um cap\u00edtulo de sua trajet\u00f3ria brilhante na nata\u00e7\u00e3o. Entre os dias 12 e 16 de novembro, a jovem atleta do Col\u00e9gio Mau\u00e1 mostrou, mais uma vez, por que \u00e9 considerada uma das maiores promessas do esporte no pa\u00eds. No&nbsp;Campeonato Brasileiro de Ver\u00e3o de Nata\u00e7\u00e3o, &#8230; <a title=\"Renata Moreira \u00e9 destaque no Campeonato Brasileiro de Ver\u00e3o\" class=\"read-more\" href=\"https:\/\/maua.g12.br\/site\/index.php\/renata-moreira-e-destaque-no-campeonato-brasileiro-de-verao\/\" aria-label=\"More on Renata Moreira \u00e9 destaque no Campeonato Brasileiro de Ver\u00e3o\">Ler mais<\/a><\/p>\n","protected":false},"author":2,"featured_media":2705,"comment_status":"closed","ping_status":"closed","sticky":false,"template":"","format":"standard","meta":{"footnotes":""},"categories":[24],"tags":[],"class_list":["post-2708","post","type-post","status-publish","format-standard","has-post-thumbnail","hentry","category-esportes"],"_links":{"self":[{"href":"https:\/\/maua.g12.br\/site\/index.php\/wp-json\/wp\/v2\/posts\/2708","targetHints":{"allow":["GET"]}}],"collection":[{"href":"https:\/\/maua.g12.br\/site\/index.php\/wp-json\/wp\/v2\/posts"}],"about":[{"href":"https:\/\/maua.g12.br\/site\/index.php\/wp-json\/wp\/v2\/types\/post"}],"author":[{"embeddable":true,"href":"https:\/\/maua.g12.br\/site\/index.php\/wp-json\/wp\/v2\/users\/2"}],"replies":[{"embeddable":true,"href":"https:\/\/maua.g12.br\/site\/index.php\/wp-json\/wp\/v2\/comments?post=2708"}],"version-history":[{"count":1,"href":"https:\/\/maua.g12.br\/site\/index.php\/wp-json\/wp\/v2\/posts\/2708\/revisions"}],"predecessor-version":[{"id":2709,"href":"https:\/\/maua.g12.br\/site\/index.php\/wp-json\/wp\/v2\/posts\/2708\/revisions\/2709"}],"wp:featuredmedia":[{"embeddable":true,"href":"https:\/\/maua.g12.br\/site\/index.php\/wp-json\/wp\/v2\/media\/2705"}],"wp:attachment":[{"href":"https:\/\/maua.g12.br\/site\/index.php\/wp-json\/wp\/v2\/media?parent=2708"}],"wp:term":[{"taxonomy":"category","embeddable":true,"href":"https:\/\/maua.g12.br\/site\/index.php\/wp-json\/wp\/v2\/categories?post=2708"},{"taxonomy":"post_tag","embeddable":true,"href":"https:\/\/maua.g12.br\/site\/index.php\/wp-json\/wp\/v2\/tags?post=2708"}],"curies":[{"name":"wp","href":"https:\/\/api.w.org\/{rel}","templated":true}]}}