{"id":4217,"date":"2025-05-09T20:03:37","date_gmt":"2025-05-09T20:03:37","guid":{"rendered":"https:\/\/maua.g12.br\/site\/?p=4217"},"modified":"2025-05-09T20:03:37","modified_gmt":"2025-05-09T20:03:37","slug":"torneio-de-integracao-do-colegio-maua-promove-espirito-esportivo-e-conexao","status":"publish","type":"post","link":"https:\/\/maua.g12.br\/site\/index.php\/torneio-de-integracao-do-colegio-maua-promove-espirito-esportivo-e-conexao\/","title":{"rendered":"Torneio de Integra\u00e7\u00e3o do Col\u00e9gio Mau\u00e1 promove esp\u00edrito esportivo e conex\u00e3o"},"content":{"rendered":"\n<p><\/p>\n\n\n\n<p>O esfor\u00e7o coletivo e a energia das tradicionais equipes Chaparral, Cometa e Atl\u00e2ntis prometem agitar mais uma edi\u00e7\u00e3o do Torneio de Integra\u00e7\u00e3o do Col\u00e9gio Mau\u00e1, de Santa Cruz do Sul, um dos eventos mais aguardados do calend\u00e1rio escolar. Entre os dias 12 e 30 de maio, alunos, professores e pais da Educa\u00e7\u00e3o Infantil, Ensino Fundamental e Ensino M\u00e9dio voltam a se reunir nas depend\u00eancias da escola para celebrar o esporte e a conviv\u00eancia. A abertura oficial do 38\u00ba Torneio de Integra\u00e7\u00e3o ser\u00e1 no dia 20 de maio, \u00e0s 19h30, no Gin\u00e1sio Poliesportivo, aberto ao p\u00fablico.<\/p>\n\n\n\n<p>Mais do que um torneio esportivo, os jogos de integra\u00e7\u00e3o do Col\u00e9gio Mau\u00e1 s\u00e3o um movimento que traz \u00e0 tona sentimentos de uni\u00e3o e supera\u00e7\u00e3o, criando ainda mais conex\u00e3o entre os participantes. Para o diretor geral do Mau\u00e1, Nestor Raschen, a expectativa \u00e9 grande para esta edi\u00e7\u00e3o do Torneio de Integra\u00e7\u00e3o. \u201cEstamos motivados para mais um torneio.\u00a0Este ano, os jogos integram os festejos dos 155 anos do Mau\u00e1, que celebra as ra\u00edzes que sustentam a nossa hist\u00f3ria e inspiram o nosso futuro.\u00a0Convidamos toda a comunidade escolar para participar desse acontecimento t\u00e3o aguardado e importante para alunos, pais e colaboradores. Tenho certeza que ser\u00e1 um belo evento\u201d, frisa Raschen.<\/p>\n\n\n\n<p>A programa\u00e7\u00e3o do torneio tem os primeiros dias, segunda e ter\u00e7a, voltados para o p\u00fablico da Educa\u00e7\u00e3o Infantil. A partir da quarta, 14 de maio, os outros n\u00edveis da educa\u00e7\u00e3o b\u00e1sica da escola\u00a0 come\u00e7am as competi\u00e7\u00f5es. Os alunos disputam nas modalidades de futebol 7 e de campo, atletismo (saltos, lan\u00e7amentos e arremessos), basquete, v\u00f4lei e xadrez. Pais e respons\u00e1veis est\u00e3o convidados tamb\u00e9m a se integrarem \u00e0s atividades, com esportes como v\u00f4lei, basquete e futebol 7. No dia 28 de maio, \u00e0s 19h30, no Teatro do Col\u00e9gio Mau\u00e1, haver\u00e1 um show art\u00edstico para a comunidade escolar. A cerim\u00f4nia de encerramento acontece no dia 30 de maio, \u00e0s 14 horas, no gin\u00e1sio principal do educand\u00e1rio.<\/p>\n\n\n\n<p><strong>Doa\u00e7\u00f5es &#8211;\u00a0<\/strong>Em todas as edi\u00e7\u00f5es, o destaque do torneio est\u00e1 na Campanha Solid\u00e1ria, que \u00e9 uma das tarefas das equipes. Neste ano, a arrecada\u00e7\u00e3o de alimentos n\u00e3o-perec\u00edveis se concentra nas doa\u00e7\u00f5es de \u00f3leo de cozinha, leite, macarr\u00e3o, arroz, feij\u00e3o, farinha, caf\u00e9 sol\u00favel e a\u00e7\u00facar. No ano passado, em virtude das enchentes, os alunos receberam o desafio de arrecadar em conjunto, pelo menos, tr\u00eas toneladas de mantimentos, para auxiliar as fam\u00edlias atingidas e os hospitais. Al\u00e9m disso, em 2024, a abertura p\u00fablica e oficial dos jogos de integra\u00e7\u00e3o foi cancelada, sendo mantida apenas a programa\u00e7\u00e3o interna.<\/p>\n\n\n\n<figure class=\"wp-block-gallery has-nested-images columns-default is-cropped wp-block-gallery-1 is-layout-flex wp-block-gallery-is-layout-flex\">\n<figure class=\"wp-block-image size-large\"><img decoding=\"async\" width=\"1024\" height=\"683\" data-id=\"4219\" src=\"https:\/\/maua.g12.br\/site\/wp-content\/uploads\/2025\/05\/Mascote-Mauazito_Credito-Regina-Colombelli-1024x683.jpg\" alt=\"\" class=\"wp-image-4219\" srcset=\"https:\/\/maua.g12.br\/site\/wp-content\/uploads\/2025\/05\/Mascote-Mauazito_Credito-Regina-Colombelli-1024x683.jpg 1024w, https:\/\/maua.g12.br\/site\/wp-content\/uploads\/2025\/05\/Mascote-Mauazito_Credito-Regina-Colombelli-300x200.jpg 300w, https:\/\/maua.g12.br\/site\/wp-content\/uploads\/2025\/05\/Mascote-Mauazito_Credito-Regina-Colombelli-768x513.jpg 768w, https:\/\/maua.g12.br\/site\/wp-content\/uploads\/2025\/05\/Mascote-Mauazito_Credito-Regina-Colombelli-1536x1025.jpg 1536w, https:\/\/maua.g12.br\/site\/wp-content\/uploads\/2025\/05\/Mascote-Mauazito_Credito-Regina-Colombelli.jpg 1900w\" sizes=\"(max-width: 1024px) 100vw, 1024px\" \/><\/figure>\n\n\n\n<figure class=\"wp-block-image size-large\"><img decoding=\"async\" width=\"1024\" height=\"683\" data-id=\"4220\" src=\"https:\/\/maua.g12.br\/site\/wp-content\/uploads\/2025\/05\/Abertura-Jogos-Poliesportivo-2023_Credito-Regina-Colombelli-1024x683.jpg\" alt=\"\" class=\"wp-image-4220\" srcset=\"https:\/\/maua.g12.br\/site\/wp-content\/uploads\/2025\/05\/Abertura-Jogos-Poliesportivo-2023_Credito-Regina-Colombelli-1024x683.jpg 1024w, https:\/\/maua.g12.br\/site\/wp-content\/uploads\/2025\/05\/Abertura-Jogos-Poliesportivo-2023_Credito-Regina-Colombelli-300x200.jpg 300w, https:\/\/maua.g12.br\/site\/wp-content\/uploads\/2025\/05\/Abertura-Jogos-Poliesportivo-2023_Credito-Regina-Colombelli-768x513.jpg 768w, https:\/\/maua.g12.br\/site\/wp-content\/uploads\/2025\/05\/Abertura-Jogos-Poliesportivo-2023_Credito-Regina-Colombelli-1536x1025.jpg 1536w, https:\/\/maua.g12.br\/site\/wp-content\/uploads\/2025\/05\/Abertura-Jogos-Poliesportivo-2023_Credito-Regina-Colombelli.jpg 1900w\" sizes=\"(max-width: 1024px) 100vw, 1024px\" \/><\/figure>\n<figcaption class=\"blocks-gallery-caption wp-element-caption\">Solenidade de abertura vai ocorrer no Gin\u00e1sio Poliesportivo<br><strong>Cr\u00e9dito foto:<\/strong>\u00a0Regina Colombelli<\/figcaption><\/figure>\n","protected":false},"excerpt":{"rendered":"<p>O esfor\u00e7o coletivo e a energia das tradicionais equipes Chaparral, Cometa e Atl\u00e2ntis prometem agitar mais uma edi\u00e7\u00e3o do Torneio de Integra\u00e7\u00e3o do Col\u00e9gio Mau\u00e1, de Santa Cruz do Sul, um dos eventos mais aguardados do calend\u00e1rio escolar. Entre os dias 12 e 30 de maio, alunos, professores e pais da Educa\u00e7\u00e3o Infantil, Ensino Fundamental &#8230; <a title=\"Torneio de Integra\u00e7\u00e3o do Col\u00e9gio Mau\u00e1 promove esp\u00edrito esportivo e conex\u00e3o\" class=\"read-more\" href=\"https:\/\/maua.g12.br\/site\/index.php\/torneio-de-integracao-do-colegio-maua-promove-espirito-esportivo-e-conexao\/\" aria-label=\"More on Torneio de Integra\u00e7\u00e3o do Col\u00e9gio Mau\u00e1 promove esp\u00edrito esportivo e conex\u00e3o\">Ler mais<\/a><\/p>\n","protected":false},"author":2,"featured_media":4218,"comment_status":"closed","ping_status":"closed","sticky":false,"template":"","format":"standard","meta":{"footnotes":""},"categories":[1],"tags":[],"class_list":["post-4217","post","type-post","status-publish","format-standard","has-post-thumbnail","hentry","category-unidadeii"],"_links":{"self":[{"href":"https:\/\/maua.g12.br\/site\/index.php\/wp-json\/wp\/v2\/posts\/4217","targetHints":{"allow":["GET"]}}],"collection":[{"href":"https:\/\/maua.g12.br\/site\/index.php\/wp-json\/wp\/v2\/posts"}],"about":[{"href":"https:\/\/maua.g12.br\/site\/index.php\/wp-json\/wp\/v2\/types\/post"}],"author":[{"embeddable":true,"href":"https:\/\/maua.g12.br\/site\/index.php\/wp-json\/wp\/v2\/users\/2"}],"replies":[{"embeddable":true,"href":"https:\/\/maua.g12.br\/site\/index.php\/wp-json\/wp\/v2\/comments?post=4217"}],"version-history":[{"count":1,"href":"https:\/\/maua.g12.br\/site\/index.php\/wp-json\/wp\/v2\/posts\/4217\/revisions"}],"predecessor-version":[{"id":4221,"href":"https:\/\/maua.g12.br\/site\/index.php\/wp-json\/wp\/v2\/posts\/4217\/revisions\/4221"}],"wp:featuredmedia":[{"embeddable":true,"href":"https:\/\/maua.g12.br\/site\/index.php\/wp-json\/wp\/v2\/media\/4218"}],"wp:attachment":[{"href":"https:\/\/maua.g12.br\/site\/index.php\/wp-json\/wp\/v2\/media?parent=4217"}],"wp:term":[{"taxonomy":"category","embeddable":true,"href":"https:\/\/maua.g12.br\/site\/index.php\/wp-json\/wp\/v2\/categories?post=4217"},{"taxonomy":"post_tag","embeddable":true,"href":"https:\/\/maua.g12.br\/site\/index.php\/wp-json\/wp\/v2\/tags?post=4217"}],"curies":[{"name":"wp","href":"https:\/\/api.w.org\/{rel}","templated":true}]}}